{"id":982,"date":"2012-08-23T20:14:07","date_gmt":"2012-08-23T18:14:07","guid":{"rendered":"http:\/\/www.nicolasferet.com\/?p=982"},"modified":"2016-11-30T14:35:47","modified_gmt":"2016-11-30T12:35:47","slug":"the-paraglider-sport-serie","status":"publish","type":"post","link":"https:\/\/www.nicolasferet.com\/?p=982","title":{"rendered":"The SkyDiver (Sport Serie)"},"content":{"rendered":"<p>Voici la premi\u00e8re image de la s\u00e9rie de shooting faite samedi dernier. Nous avons pas mal souffert de la chaleur dans le studio. Cela n&#8217;a pas \u00e9t\u00e9 simple pour les mod\u00e8les du jour qui \u00e9taient habill\u00e9s de la t\u00eate aux pieds (surtout pour le parachute et hockey).<\/p>\n<div class=\"fusion-fullwidth fullwidth-box fusion-builder-row-1 hundred-percent-fullwidth non-hundred-percent-height-scrolling\" style=\"--awb-border-radius-top-left:0px;--awb-border-radius-top-right:0px;--awb-border-radius-bottom-right:0px;--awb-border-radius-bottom-left:0px;--awb-overflow:visible;\" ><div class=\"fusion-builder-row fusion-row\"><div class=\"fusion-layout-column fusion_builder_column fusion-builder-column-0 fusion_builder_column_1_1 1_1 fusion-one-full fusion-column-first fusion-column-last fusion-column-no-min-height\" style=\"--awb-bg-size:cover;--awb-margin-bottom:0px;\"><div class=\"fusion-column-wrapper fusion-flex-column-wrapper-legacy\">\n\t\t<style type=\"text\/css\">\n\t\t\t#gallery-1 {\n\t\t\t\tmargin: auto;\n\t\t\t}\n\t\t\t#gallery-1 .gallery-item {\n\t\t\t\tfloat: left;\n\t\t\t\tmargin-top: 10px;\n\t\t\t\ttext-align: center;\n\t\t\t\twidth: 33%;\n\t\t\t}\n\t\t\t#gallery-1 img {\n\t\t\t\tborder: 2px solid #cfcfcf;\n\t\t\t}\n\t\t\t#gallery-1 .gallery-caption {\n\t\t\t\tmargin-left: 0;\n\t\t\t}\n\t\t\t\/* see gallery_shortcode() in wp-includes\/media.php *\/\n\t\t<\/style>\n\t\t<div id='gallery-1' class='gallery galleryid-982 gallery-columns-3 gallery-size-thumbnail'><dl class='gallery-item'>\n\t\t\t<dt class='gallery-icon landscape'>\n\t\t\t\t<a data-rel=\"iLightbox[postimages]\" data-title=\"The Paraglider\" data-caption=\"\" href='https:\/\/www.nicolasferet.com\/blog\/wp-content\/uploads\/2012\/08\/Paraglider-sportserie.jpg'><img width=\"150\" height=\"150\" src=\"https:\/\/www.nicolasferet.com\/blog\/wp-content\/uploads\/2012\/08\/Paraglider-sportserie-150x150.jpg\" class=\"attachment-thumbnail size-thumbnail\" alt=\"\" decoding=\"async\" \/><\/a>\n\t\t\t<\/dt><\/dl><dl class='gallery-item'>\n\t\t\t<dt class='gallery-icon landscape'>\n\t\t\t\t<a data-rel=\"iLightbox[postimages]\" data-title=\"The Paraglider (before\/after)\" data-caption=\"\" href='https:\/\/www.nicolasferet.com\/blog\/wp-content\/uploads\/2012\/08\/Paraglider-sportserie-beforeafter.jpg'><img width=\"150\" height=\"150\" src=\"https:\/\/www.nicolasferet.com\/blog\/wp-content\/uploads\/2012\/08\/Paraglider-sportserie-beforeafter-150x150.jpg\" class=\"attachment-thumbnail size-thumbnail\" alt=\"\" decoding=\"async\" \/><\/a>\n\t\t\t<\/dt><\/dl><dl class='gallery-item'>\n\t\t\t<dt class='gallery-icon landscape'>\n\t\t\t\t<a data-rel=\"iLightbox[postimages]\" data-title=\"The Paraglider (closeup)\" data-caption=\"\" href='https:\/\/www.nicolasferet.com\/blog\/wp-content\/uploads\/2012\/08\/Paraglider-closeup.jpg'><img width=\"150\" height=\"150\" src=\"https:\/\/www.nicolasferet.com\/blog\/wp-content\/uploads\/2012\/08\/Paraglider-closeup-150x150.jpg\" class=\"attachment-thumbnail size-thumbnail\" alt=\"\" decoding=\"async\" \/><\/a>\n\t\t\t<\/dt><\/dl><br style=\"clear: both\" \/>\n\t\t<\/div>\n\n<p>Pour ceux qui d\u00e9sireraient apprendre comment retoucher ce type de photo et faire des montages, je peux vous proposer mon cours Photoshop. Cette formation est personnalis\u00e9e selon vos besoins. Plus d\u2019infos:\u00a0<a href=\"http:\/\/www.nicolasferet.com\/blog\/?page_id=548\">http:\/\/www.nicolasferet.com\/blog\/?page_id=548<\/a><\/p>\n<div><\/div>\n<div class=\"fusion-clearfix\"><\/div><\/div><\/div><\/div><\/div>\n","protected":false},"excerpt":{"rendered":"<p>Voici la premi\u00e8re image de la s\u00e9rie de shooting faite samedi dernier. Nous avons pas mal souffert de la chaleur dans le studio. Cela n&#8217;a pas \u00e9t\u00e9 simple pour les mod\u00e8les du jour qui \u00e9taient habill\u00e9s de la t\u00eate aux pieds (surtout pour le parachute et hockey).<\/p>\n","protected":false},"author":2,"featured_media":0,"comment_status":"open","ping_status":"open","sticky":false,"template":"","format":"standard","meta":[],"categories":[16,1,4,14,13,6],"tags":[],"_links":{"self":[{"href":"https:\/\/www.nicolasferet.com\/index.php?rest_route=\/wp\/v2\/posts\/982"}],"collection":[{"href":"https:\/\/www.nicolasferet.com\/index.php?rest_route=\/wp\/v2\/posts"}],"about":[{"href":"https:\/\/www.nicolasferet.com\/index.php?rest_route=\/wp\/v2\/types\/post"}],"author":[{"embeddable":true,"href":"https:\/\/www.nicolasferet.com\/index.php?rest_route=\/wp\/v2\/users\/2"}],"replies":[{"embeddable":true,"href":"https:\/\/www.nicolasferet.com\/index.php?rest_route=%2Fwp%2Fv2%2Fcomments&post=982"}],"version-history":[{"count":8,"href":"https:\/\/www.nicolasferet.com\/index.php?rest_route=\/wp\/v2\/posts\/982\/revisions"}],"predecessor-version":[{"id":1858,"href":"https:\/\/www.nicolasferet.com\/index.php?rest_route=\/wp\/v2\/posts\/982\/revisions\/1858"}],"wp:attachment":[{"href":"https:\/\/www.nicolasferet.com\/index.php?rest_route=%2Fwp%2Fv2%2Fmedia&parent=982"}],"wp:term":[{"taxonomy":"category","embeddable":true,"href":"https:\/\/www.nicolasferet.com\/index.php?rest_route=%2Fwp%2Fv2%2Fcategories&post=982"},{"taxonomy":"post_tag","embeddable":true,"href":"https:\/\/www.nicolasferet.com\/index.php?rest_route=%2Fwp%2Fv2%2Ftags&post=982"}],"curies":[{"name":"wp","href":"https:\/\/api.w.org\/{rel}","templated":true}]}}