{"id":1141,"date":"2013-02-15T12:20:39","date_gmt":"2013-02-15T10:20:39","guid":{"rendered":"http:\/\/www.nicolasferet.com\/?p=1141"},"modified":"2016-11-30T14:35:47","modified_gmt":"2016-11-30T12:35:47","slug":"ma-derniere-photo-mentionnee-par-national-association-of-photoshop-professionals","status":"publish","type":"post","link":"https:\/\/www.nicolasferet.com\/?p=1141","title":{"rendered":"Ma derni\u00e8re photo mentionn\u00e9e par NAPP"},"content":{"rendered":"<p>Quelle excellente surprise j&#8217;ai eu ce matin de d\u00e9couvrir que ma derni\u00e8re r\u00e9alisation avait \u00e9t\u00e9 choisie dans les photos de la semaine par NAPP. <a href=\"http:\/\/photoshopuser.com\" target=\"_blank\">NAPP<\/a> est la plus grande communaut\u00e9 au monde de photographes et retoucheurs Photoshop avec plus de 71&#8217;000 membres. Chaque semaine, ils choisissent quelques photos pour les pr\u00e9senter \u00e0 tous leurs membres. Je suis tr\u00e8s honor\u00e9 de me retrouver en autre \u00e0 c\u00f4t\u00e9 du c\u00e9l\u00e8bre Glyn Dewis. &gt;&gt; <a href=\"http:\/\/members.photoshopuser.com\/article\/napp-image-of-the-week-2-14-13\/\" target=\"_blank\">Article<\/a> (il faut \u00eatre membre) ou sinon voir l&#8217;image ci-dessous.<\/p>\n<p><a href=\"http:\/\/www.nicolasferet.com\/blog\/wp-content\/uploads\/2013\/02\/PhotoshopUSer-NAPP-NIcolasFeret.png\"><img decoding=\"async\" class=\"alignnone size-medium wp-image-1144\" title=\"PhotoshopUSer-NAPP-NIcolasFeret\" src=\"http:\/\/www.nicolasferet.com\/blog\/wp-content\/uploads\/2013\/02\/PhotoshopUSer-NAPP-NIcolasFeret-237x300.png\" alt=\"\" width=\"237\" height=\"300\" srcset=\"https:\/\/www.nicolasferet.com\/blog\/wp-content\/uploads\/2013\/02\/PhotoshopUSer-NAPP-NIcolasFeret-237x300.png 237w, https:\/\/www.nicolasferet.com\/blog\/wp-content\/uploads\/2013\/02\/PhotoshopUSer-NAPP-NIcolasFeret.png 763w\" sizes=\"(max-width: 237px) 100vw, 237px\" \/><\/a><\/p>\n<p>Ils sont notamment \u00e9diteurs du c\u00e9l\u00e8bre magazine <a href=\"http:\/\/photoshopuser.com\" target=\"_blank\">Photoshopuser<\/a> et organise le\u00a0<a href=\"http:\/\/photoshopworld.com\" target=\"_blank\">PhotoshopWorld<\/a>. C&#8217;est une gigantesque conf\u00e9rence sur la photographie et Photoshop. Les plus grands noms de la photographie s&#8217;y retrouver deux fois par ann\u00e9es pour \u00a0des s\u00e9minaires.<\/p>\n<p><a href=\"http:\/\/scottkelby.com\" target=\"_blank\">Scott Kelby<\/a>, \u00e0 la t\u00eate de cette association, est un formateur exceptionnel est un \u00e9crivain qui peut se vanter de collectionner les best-sellers dans le domaine.<\/p>\n<p>&nbsp;<\/p>\n","protected":false},"excerpt":{"rendered":"<p>Quelle excellente surprise j&#8217;ai eu ce matin de d\u00e9couvrir que ma derni\u00e8re r\u00e9alisation avait \u00e9t\u00e9 choisie dans les photos de la semaine par NAPP. NAPP est la plus grande communaut\u00e9 au monde de photographes et retoucheurs Photoshop avec plus de 71&#8217;000 membres. Chaque semaine, ils choisissent quelques photos pour les pr\u00e9senter \u00e0 tous leurs membres. Je suis tr\u00e8s honor\u00e9 de me retrouver en autre \u00e0 [&hellip;]<\/p>\n","protected":false},"author":2,"featured_media":0,"comment_status":"open","ping_status":"open","sticky":false,"template":"","format":"standard","meta":[],"categories":[1,14,13,6],"tags":[],"_links":{"self":[{"href":"https:\/\/www.nicolasferet.com\/index.php?rest_route=\/wp\/v2\/posts\/1141"}],"collection":[{"href":"https:\/\/www.nicolasferet.com\/index.php?rest_route=\/wp\/v2\/posts"}],"about":[{"href":"https:\/\/www.nicolasferet.com\/index.php?rest_route=\/wp\/v2\/types\/post"}],"author":[{"embeddable":true,"href":"https:\/\/www.nicolasferet.com\/index.php?rest_route=\/wp\/v2\/users\/2"}],"replies":[{"embeddable":true,"href":"https:\/\/www.nicolasferet.com\/index.php?rest_route=%2Fwp%2Fv2%2Fcomments&post=1141"}],"version-history":[{"count":11,"href":"https:\/\/www.nicolasferet.com\/index.php?rest_route=\/wp\/v2\/posts\/1141\/revisions"}],"predecessor-version":[{"id":1853,"href":"https:\/\/www.nicolasferet.com\/index.php?rest_route=\/wp\/v2\/posts\/1141\/revisions\/1853"}],"wp:attachment":[{"href":"https:\/\/www.nicolasferet.com\/index.php?rest_route=%2Fwp%2Fv2%2Fmedia&parent=1141"}],"wp:term":[{"taxonomy":"category","embeddable":true,"href":"https:\/\/www.nicolasferet.com\/index.php?rest_route=%2Fwp%2Fv2%2Fcategories&post=1141"},{"taxonomy":"post_tag","embeddable":true,"href":"https:\/\/www.nicolasferet.com\/index.php?rest_route=%2Fwp%2Fv2%2Ftags&post=1141"}],"curies":[{"name":"wp","href":"https:\/\/api.w.org\/{rel}","templated":true}]}}